{"id":100218,"date":"2025-10-13T19:27:22","date_gmt":"2025-10-13T22:27:22","guid":{"rendered":"https:\/\/wiy.com.br\/noticias\/cachorro-se-junta-a-romeiros-em-rota-para-aparecida-e-vive-final-feliz\/"},"modified":"2025-10-13T19:27:22","modified_gmt":"2025-10-13T22:27:22","slug":"cachorro-se-junta-a-romeiros-em-rota-para-aparecida-e-vive-final-feliz","status":"publish","type":"post","link":"https:\/\/wiy.com.br\/noticias\/cachorro-se-junta-a-romeiros-em-rota-para-aparecida-e-vive-final-feliz\/","title":{"rendered":"Cachorro se junta a romeiros em rota para Aparecida e vive final feliz"},"content":{"rendered":"<p> <br \/>\n<br \/><img title = \"[Tags]\"alt = \"cachorro-romeiros-1 Cachorro se junta a romeiros em rota para Aparecida e vive final feliz\"decoding=\"async\" src=\"https:\/\/vejasp.abril.com.br\/wp-content\/uploads\/2025\/10\/cachorro-romeiros-1.jpg\" \/><\/p>\n<p data-start=\"589\" data-end=\"917\">Um cachorro conquistou o cora\u00e7\u00e3o de romeiros que percorreram cerca de 150 km de <strong>Guarulhos<\/strong> (SP) at\u00e9 o <a href=\"https:\/\/vejasp.abril.com.br\/cidades\/santuario-de-aparecida-sp-teve-aumento-de-54-de-fieis-em-homenagens-a-padroeira\/\"><strong>Santu\u00e1rio Nacional de Nossa Senhora Aparecida<\/strong><\/a>, no <strong>Vale do Para\u00edba<\/strong>, em homenagem ao dia da padroeira do Brasil, celebrado no domingo (12). A peregrina\u00e7\u00e3o aconteceu entre os dias 6 e 10 de outubro, pela <strong>Rodovia Presidente Dutra<\/strong>.<\/p>\n<p data-start=\"919\" data-end=\"1375\">Ainda no primeiro dia da romaria, em <strong>Aruj\u00e1<\/strong>, o\u00a0policial civil C\u00e9sar Franco\u00a0notou um cachorro que se aproximou e passou a acompanh\u00e1-lo sob o forte calor.<\/p>\n<div class=\"noreadme-audima ads video-ads\">\n<div class=\"abrAD\" data-format=\"intext_video\"><\/div>\n<\/div>\n<p data-start=\"919\" data-end=\"1375\">\u201cAo v\u00ea-lo pela primeira vez, senti algo diferente\u201d, contou C\u00e9sar, em relato publicado nas redes sociais. O grupo parou em um ponto de apoio, onde volunt\u00e1rios ofereceram \u00e1gua, comida e descanso ao animal. C\u00e9sar seguiu viagem, acreditando que o c\u00e3o ficaria por ali.<\/p>\n<p data-start=\"1377\" data-end=\"1685\">No dia seguinte, cerca de 30 km \u00e0 frente, o policial se surpreendeu ao reencontrar o mesmo cachorro em outro ponto de apoio. \u201cNos reconhecemos de imediato. Parecia que j\u00e1 nos conhec\u00edamos h\u00e1 muito tempo\u201d, relatou. Foi ali que o animal recebeu o nome de <strong data-start=\"1633\" data-end=\"1646\">Aparecido<\/strong>, em homenagem \u00e0 santa e \u00e0 caminhada.<\/p>\n<div id=\"relacionadas\" class=\"block noreadme-audima three_columns\">\n<ul class=\"block-menu\">\n<li data-tab=\"tab-1\" class=\"active\">Relacionadas<\/li>\n<\/ul>\n<div id=\"tab-1\" class=\"block-content active\">\n<ul class=\"relacionadas-s-img\">\n<li class=\"widget-news-item without-thumb with-border\">\n<div class=\"widget-news-info\"><a href=\"\/cultura-lazer\">Cultura &amp; Lazer<\/a><span class=\"widget-news-item-title\"><a href=\"https:\/\/vejasp.abril.com.br\/cultura-lazer\/shopping-villa-lobos-inaugura-pista-de-patinacao-no-gelo\/\">Shopping Villa Lobos inaugura pista de patina\u00e7\u00e3o no gelo<\/a><\/span><span class=\"widget-news-item-date\">12 out 2025 &#8211; 17h10<\/span><\/div>\n<\/li>\n<li class=\"widget-news-item without-thumb with-border\">\n<div class=\"widget-news-info\"><a href=\"\/cidades\">Cidades<\/a><span class=\"widget-news-item-title\"><a href=\"https:\/\/vejasp.abril.com.br\/cidades\/papa-leao-xiv-abencoa-imagem-de-nossa-senhora-aparecida-em-homenagem-ao-brasil\/\">Papa Le\u00e3o XIV aben\u00e7oa imagem de Nossa Senhora Aparecida em homenagem ao Brasil<\/a><\/span><span class=\"widget-news-item-date\">12 out 2025 &#8211; 19h10<\/span><\/div>\n<\/li>\n<li class=\"widget-news-item without-thumb with-border\">\n<div class=\"widget-news-info\"><a href=\"\/saude\">Sa\u00fade<\/a><span class=\"widget-news-item-title\"><a href=\"https:\/\/vejasp.abril.com.br\/saude\/sao-paulo-intensifica-vacinacao-contra-doencas-preveniveis-de-outubro\/\">S\u00e3o Paulo intensifica vacina\u00e7\u00e3o contra doen\u00e7as preven\u00edveis de outubro<\/a><\/span><span class=\"widget-news-item-date\">12 out 2025 &#8211; 19h10<\/span><\/div>\n<\/li>\n<\/ul>\n<\/div>\n<\/div>\n<p data-start=\"1687\" data-end=\"2044\">Ap\u00f3s o reencontro, o cachorro voltou a se distanciar do grupo, acompanhando outras peregrinas. C\u00e9sar continuou o trajeto sozinho, mas manteve a esperan\u00e7a de rev\u00ea-lo.<\/p>\n<div class=\"ads post-ads noreadme-audima\">\n    <span class=\"title\">Continua ap\u00f3s a publicidade<\/span><\/p>\n<div class=\"abrAD\" data-format=\"intext\"><\/div>\n<\/div>\n<p data-start=\"1687\" data-end=\"2044\">\u201cRezei muito, pedindo a intercess\u00e3o de S\u00e3o Francisco de Assis e Nossa Senhora Aparecida para que o protegessem. E, se fosse da vontade de Deus, que eu pudesse encontr\u00e1-lo novamente\u201d, disse.<\/p>\n<p data-start=\"2046\" data-end=\"2441\">No quinto e \u00faltimo dia da jornada, j\u00e1 em Aparecida, C\u00e9sar parou para uma \u00faltima ora\u00e7\u00e3o antes de entrar no Santu\u00e1rio. Foi ent\u00e3o que o inesperado aconteceu: o cachorro o esperava diante do templo. \u201cQuando cheguei ao Santu\u00e1rio, o <strong>Aparecido de Assis<\/strong> me olhou e eu olhei para ele. Por um segundo, n\u00e3o acreditei. Era a confirma\u00e7\u00e3o da obra que Deus queria fazer na minha vida\u201d, contou o policial.<\/p>\n<p data-start=\"2443\" data-end=\"2610\">C\u00e9sar improvisou uma guia com a camiseta e levou o novo companheiro de volta para casa, em Guarulhos. \u201cN\u00e3o fui eu que o escolhi. Foi ele quem me escolheu\u201d, escreveu.<\/p>\n<div class=\"ads post-ads noreadme-audima\">\n    <span class=\"title\">Continua ap\u00f3s a publicidade<\/span><\/p>\n<div class=\"abrAD\" data-format=\"intext\"><\/div>\n<\/div>\n<p data-start=\"2612\" data-end=\"2972\">O reencontro emocionou os fi\u00e9is que acompanharam a hist\u00f3ria e comoveu os seguidores de C\u00e9sar. \u201cEntre perdas e reencontros, pela intercess\u00e3o de S\u00e3o Francisco de Assis e Nossa Senhora Aparecida, Deus quis que nossas almas se encontrassem novamente. Que o meu testemunho sirva de exemplo para quem j\u00e1 perdeu a esperan\u00e7a \u2014 n\u00e3o desistam. Deus ouve e recompensa quem tem f\u00e9.\u201d<\/p>\n<div class=\"box-app-phone-share noreadme-audima\">\n<div class=\"title-phone-share\">Compartilhe essa mat\u00e9ria via:<\/div>\n<div class=\"buttoms-phone-share\">\n\t\t<a class=\"whatsapp\" id=\"whatsappShare\" rel=\"nofollow\" aria-label=\"Compartilhe no Whatsapp\" target=\"_blank\" href=\"https:\/\/api.whatsapp.com\/send?text=https:\/\/vejasp.abril.com.br\/cidades\/cachorro-se-junta-a-romeiros-em-rota-para-aparecida-e-vive-final-feliz\/?utm_medium=whatsapp&amp;utm_source=shortcode_vejinhas\"><span>WhatsAPP<\/span><\/a><br \/>\n\t\t<a class=\"telegram\" id=\"telegramShare\" rel=\"nofollow\" aria-label=\"Compartilhe no Telegram\" target=\"_blank\" href=\"https:\/\/telegram.me\/share\/url?url=https:\/\/vejasp.abril.com.br\/cidades\/cachorro-se-junta-a-romeiros-em-rota-para-aparecida-e-vive-final-feliz\/?utm_medium=telegram&amp;utm_source=shortcode_vejinhas\"><span>Telegram<\/span><\/a>\n\t\t<\/div>\n<\/p><\/div>\n<div class=\"ads after-text noreadme-audima\">\n    <span class=\"title\">Publicidade<\/span><\/p>\n<div class=\"abrAD\" data-format=\"aftertext\" data-mapping=\"intext\"><\/div>\n<\/div>\n<p><br \/>\n<br \/><a href=\"https:\/\/vejasp.abril.com.br\/cidades\/cachorro-se-junta-a-romeiros-em-rota-para-aparecida-e-vive-final-feliz\/\">Fonte do Artigo <\/a><br \/>\nTags:<br \/>\n#loterias #loteriascaixa #megasena #resultadoapostas#noticias #noticiario  #noticia #brasil #noticiascolombia #mundo #esporte #colombia #noticiadeld #ltimasnoticias  #noticiario #noticiasregionales #noticiasdepartamentales #noticiashoy #esportes #noticiaahora #elinformantenoticias #noticiasdeboyac  #esporteinterativo #esportivo #diariodosesportes  #noticiero  #jogodefutebol #jogos #loto #apostas<\/p>\n","protected":false},"excerpt":{"rendered":"<p>Um cachorro conquistou o cora\u00e7\u00e3o de romeiros que percorreram cerca de 150 km de Guarulhos (SP) at\u00e9 o Santu\u00e1rio Nacional de Nossa Senhora Aparecida, no Vale do Para\u00edba, em homenagem ao dia da padroeira do Brasil, celebrado no domingo (12). A peregrina\u00e7\u00e3o aconteceu entre os dias 6 e 10 de outubro, pela Rodovia Presidente Dutra. [&hellip;]<\/p>\n","protected":false},"author":1,"featured_media":100219,"comment_status":"open","ping_status":"open","sticky":false,"template":"","format":"standard","meta":{"footnotes":""},"categories":[1],"tags":[],"class_list":["post-100218","post","type-post","status-publish","format-standard","has-post-thumbnail","hentry","category-curso-de-copy"],"_links":{"self":[{"href":"https:\/\/wiy.com.br\/noticias\/wp-json\/wp\/v2\/posts\/100218","targetHints":{"allow":["GET"]}}],"collection":[{"href":"https:\/\/wiy.com.br\/noticias\/wp-json\/wp\/v2\/posts"}],"about":[{"href":"https:\/\/wiy.com.br\/noticias\/wp-json\/wp\/v2\/types\/post"}],"author":[{"embeddable":true,"href":"https:\/\/wiy.com.br\/noticias\/wp-json\/wp\/v2\/users\/1"}],"replies":[{"embeddable":true,"href":"https:\/\/wiy.com.br\/noticias\/wp-json\/wp\/v2\/comments?post=100218"}],"version-history":[{"count":0,"href":"https:\/\/wiy.com.br\/noticias\/wp-json\/wp\/v2\/posts\/100218\/revisions"}],"wp:featuredmedia":[{"embeddable":true,"href":"https:\/\/wiy.com.br\/noticias\/wp-json\/wp\/v2\/media\/100219"}],"wp:attachment":[{"href":"https:\/\/wiy.com.br\/noticias\/wp-json\/wp\/v2\/media?parent=100218"}],"wp:term":[{"taxonomy":"category","embeddable":true,"href":"https:\/\/wiy.com.br\/noticias\/wp-json\/wp\/v2\/categories?post=100218"},{"taxonomy":"post_tag","embeddable":true,"href":"https:\/\/wiy.com.br\/noticias\/wp-json\/wp\/v2\/tags?post=100218"}],"curies":[{"name":"wp","href":"https:\/\/api.w.org\/{rel}","templated":true}]}}