{"id":100110,"date":"2025-10-12T12:54:53","date_gmt":"2025-10-12T15:54:53","guid":{"rendered":"https:\/\/wiy.com.br\/noticias\/do-carro-a-bicicleta-eletrica-familias-descobrem-novas-formas-de-se-mover\/"},"modified":"2025-10-12T12:55:23","modified_gmt":"2025-10-12T15:55:23","slug":"do-carro-a-bicicleta-eletrica-familias-descobrem-novas-formas-de-se-mover","status":"publish","type":"post","link":"https:\/\/wiy.com.br\/noticias\/do-carro-a-bicicleta-eletrica-familias-descobrem-novas-formas-de-se-mover\/","title":{"rendered":"Do carro \u00e0 bicicleta el\u00e9trica: fam\u00edlias descobrem novas formas de se mover"},"content":{"rendered":"<p> <br \/>\n<\/p>\n<p>Voc\u00ea trocaria viagens curtas de carro, como levar os filhos \u00e0 escola, por uma bicicleta el\u00e9trica de carga? Pesquisa publicada na revista <em><a href=\"https:\/\/dx.doi.org\/10.1016\/j.geoforum.2025.104416\">Geoforum<\/a><\/em> mostra que essas e-bikes est\u00e3o ganhando espa\u00e7o como uma alternativa real para trajetos curtos.<\/p>\n<p>Al\u00e9m de reduzir emiss\u00f5es e congestionamentos, essas bicicletas el\u00e9tricas podem transformar o transporte familiar e incentivar uma mudan\u00e7a cultural ao tornar o ciclismo mais pr\u00e1tico, inclusivo e conectado \u00e0s comunidades.<\/p>\n<div class=\"wp-block-image\">\n<figure class=\"aligncenter size-large\"><figcaption class=\"wp-element-caption\"><em>As bicicletas el\u00e9tricas de carga est\u00e3o ganhando espa\u00e7o como uma alternativa real para trajetos curtos, como levar os filhos \u00e0 escola. Imagem: Divulga\u00e7\u00e3o\/Projeto ELEVATE<\/em><\/figcaption><\/figure>\n<\/div>\n<h2 class=\"wp-block-heading\" id=\"h-bicicletas-eletricas-de-carga-permitem-maior-interacao-entre-os-usuarios\"><strong>Bicicletas el\u00e9tricas de carga permitem maior intera\u00e7\u00e3o entre os usu\u00e1rios<\/strong><\/h2>\n<p>Pesquisadores de universidades da Holanda e do Reino Unido acompanharam 49 fam\u00edlias que testaram bicicletas el\u00e9tricas de carga para entender como elas eram usadas no dia a dia.<\/p>\n<p>De acordo com o site <a href=\"https:\/\/techxplore.com\/news\/2025-10-cargo-bikes-car-reshape-family.html\">TechXplore<\/a>, o estudo mostrou que essas bicicletas v\u00e3o al\u00e9m de substituir o carro: elas ajudam a criar novos h\u00e1bitos, aproximam as pessoas e fortalecem o v\u00ednculo com a comunidade.<\/p>\n<p><strong>O estudo concluiu que:<\/strong><\/p>\n<ul>\n<li>As fam\u00edlias usaram as bicicletas para tarefas comuns, como levar crian\u00e7as \u00e0 escola, fazer compras e ir ao trabalho \u2014 fun\u00e7\u00f5es normalmente feitas de carro.<\/li>\n<li>As bicicletas permitem levar crian\u00e7as ou outros passageiros, tornando o passeio uma experi\u00eancia compartilhada.<\/li>\n<li>Quem usou relatou sentir-se mais pr\u00f3ximo da vizinhan\u00e7a e das pessoas ao redor.<\/li>\n<li>Alguns usu\u00e1rios ainda acharam estranho pedalar em algo diferente ou se preocuparam com a seguran\u00e7a dos filhos.<\/li>\n<\/ul>\n<blockquote class=\"wp-block-quote is-layout-flow wp-block-quote-is-layout-flow\">\n<p>Este estudo mostra que as bicicletas el\u00e9tricas de carga s\u00e3o mais do que uma novidade. Elas podem se encaixar no cotidiano familiar.<\/p>\n<p><cite>Clara Glachant, principal autora do estudo, ao TechXplore.<\/cite><\/p><\/blockquote>\n<p>Para ela, as bicicletas \u201cpodem reformular as ideias sobre quem pertence \u00e0 rua e quem tem direito ao espa\u00e7o\u201d, contribuindo para a redu\u00e7\u00e3o de um \u201csentimento anticiclista\u201d e para a ado\u00e7\u00e3o do \u201ctransporte sustent\u00e1vel\u201d.<\/p>\n<div class=\"wp-block-image\">\n<figure class=\"aligncenter size-large\"><img title = \"[Tags]\"loading=\"lazy\" decoding=\"async\" width=\"1024\" height=\"762\" src=\"https:\/\/olhardigital.com.br\/wp-content\/uploads\/2025\/10\/velo-de-ville-longtail-cargo-bikes-1024x762.jpg\"alt = \"velo-de-ville-longtail-cargo-bikes-1024x762 Do carro \u00e0 bicicleta el\u00e9trica: fam\u00edlias descobrem novas formas de se mover\" class=\"wp-image-1198857\" \/><figcaption class=\"wp-element-caption\"><em>Segundo o estudo, as bicicletas permitem levar crian\u00e7as ou outros passageiros, tornando o passeio uma experi\u00eancia compartilhada. Imagem: Divulga\u00e7\u00e3o\/Projeto ELEVATE<\/em><\/figcaption><\/figure>\n<\/div>\n<h2 class=\"wp-block-heading\" id=\"h-quem-pode-se-beneficiar-pelo-uso-das-bicicletas-eletricas-de-carga\"><strong>Quem pode se beneficiar pelo uso das bicicletas el\u00e9tricas de carga?<\/strong><\/h2>\n<p>O projeto ELEVATE (ELEctric Vehicles for Active and Digital TravEl) \u00e9 uma pesquisa realizada pela Universidade de Leeds, no Reino Unido, para entender como ve\u00edculos el\u00e9tricos leves, como as bicicletas el\u00e9tricas de carga, podem melhorar o dia a dia das pessoas.<\/p>\n<p><strong>Leia mais:<\/strong><\/p>\n<ul>\n<li>Transporte urbano reinventado: a e-bike holandesa Urban Arrow Breeze<\/li>\n<li>Esta bicicleta el\u00e9trica se adapta a voc\u00ea: tamanho e acess\u00f3rios conforme sua necessidade<\/li>\n<li>Essa e-bike pode te levar bem longe (e a quase 50 km\/h!)<\/li>\n<\/ul>\n<p>Seu objetivo \u00e9 descobrir quem mais se beneficia desse tipo de transporte, como ele afeta o meio ambiente e a sa\u00fade, e de que forma pode mudar h\u00e1bitos e costumes nas viagens curtas.<\/p>\n<p>Para o professor Ian Philips, que lidera o projeto, \u201co trabalho de Clara nos ajuda a entender melhor como as bicicletas el\u00e9tricas de carga se encaixam na vida cotidiana em termos de cultura, percep\u00e7\u00f5es e identidades em torno das viagens ativas\u201d.<\/p>\n<div class=\"wp-block-image\">\n<figure class=\"aligncenter size-large\"><img title = \"[Tags]\"loading=\"lazy\" decoding=\"async\" width=\"1024\" height=\"782\" src=\"https:\/\/olhardigital.com.br\/wp-content\/uploads\/2025\/10\/cargo-bikes-1024x782.jpg\"alt = \"velo-de-ville-longtail-cargo-bikes-1024x762 Do carro \u00e0 bicicleta el\u00e9trica: fam\u00edlias descobrem novas formas de se mover\" class=\"wp-image-1198860\" \/><figcaption class=\"wp-element-caption\"><em>Com as bicicletas el\u00e9tricas de carga se tornando mais pr\u00e1ticas e acess\u00edveis, elas podem contribuir para reduzir congestionamentos e a emiss\u00e3o de carbono, al\u00e9m de tornar o ciclismo mais inclusivo.Imagem: Divulga\u00e7\u00e3o\/Projeto ELEVATE<\/em><\/figcaption><\/figure>\n<\/div>\n<h2 class=\"wp-block-heading\" id=\"h-viagens-mais-sustentaveis-e-rapidas\"><strong>Viagens mais sustent\u00e1veis e r\u00e1pidas<\/strong><\/h2>\n<p>Al\u00e9m disso, para a professora Charlotte Deane, presidente executiva do Conselho de Pesquisa em Engenharia e Ci\u00eancias F\u00edsicas (EPSRC), \u201cnovos designs de bicicletas el\u00e9tricas de carga est\u00e3o tornando-as mais pr\u00e1ticas e acess\u00edveis, ajudando as fam\u00edlias a substituir viagens curtas de carro\u201d, o que contribui para reduzir congestionamentos e polui\u00e7\u00e3o, al\u00e9m de tornar o ciclismo mais acess\u00edvel para mulheres e crian\u00e7as.<\/p>\n<p>Com o avan\u00e7o das pesquisas e o aumento da ado\u00e7\u00e3o das bicicletas el\u00e9tricas de carga, especialistas acreditam que esse tipo de transporte pode marcar uma nova etapa na mobilidade urbana \u2014 mais sustent\u00e1vel, acess\u00edvel e voltada para o bem-estar coletivo.<\/p>\n<p>O post Do carro \u00e0 bicicleta el\u00e9trica: fam\u00edlias descobrem novas formas de se mover apareceu primeiro em Olhar Digital.<\/p>\n<p><br \/>\n<br \/><a href=\"https:\/\/olhardigital.com.br\/2025\/10\/12\/reviews\/do-carro-a-bicicleta-eletrica-familias-descobrem-novas-formas-de-se-mover\/\">Fonte do Artigo <\/a><br \/>\nTags:<\/p>\n<p><a title=\"Gestor de Tr\u00e1fego\" href=\"https:\/\/www.gestor-de-trafego.com\/\" target=\"_blank\"><strong>Gestor de Tr\u00e1fego<\/strong><\/a><\/p>\n<p><a href=\"https:\/\/wiy.com.br\/noticias\/categoria\/tecnologia\/\">#tecnologia<\/a> <a href=\"https:\/\/wiy.com.br\/noticias\/categoria\/tecnologia\/\">#tecnologias<\/a> <a href=\"https:\/\/wiy.com.br\/noticias\/categoria\/tecnologia\/\">#technology<\/a> <a href=\"https:\/\/wiy.com.br\/noticias\/categoria\/tecnologia\/\">#tecnolog<\/a> <a href=\"https:\/\/wiy.com.br\/noticias\/categoria\/tecnologia\/\">#iphone<\/a> <a href=\"https:\/\/wiy.com.br\/noticias\/categoria\/tecnologia\/\">#informatica<\/a> <a href=\"https:\/\/wiy.com.br\/noticias\/categoria\/tecnologia\/\">#tech<\/a> <a href=\"https:\/\/wiy.com.br\/noticias\/categoria\/tecnologia\/\">#design<\/a> <a href=\"https:\/\/wiy.com.br\/noticias\/categoria\/tecnologia\/\">#samsung<\/a> <a href=\"https:\/\/wiy.com.br\/noticias\/categoria\/tecnologia\/\">#internet<\/a> <a href=\"https:\/\/wiy.com.br\/noticias\/categoria\/tecnologia\/\">#apple<\/a> <a href=\"https:\/\/wiy.com.br\/noticias\/categoria\/tecnologia\/\">#smartphone<\/a> <a href=\"https:\/\/wiy.com.br\/noticias\/categoria\/tecnologia\/\">#seguranca<\/a> <a href=\"https:\/\/wiy.com.br\/noticias\/categoria\/tecnologia\/\">#venezuela<\/a> <a href=\"https:\/\/wiy.com.br\/noticias\/categoria\/tecnologia\/\">#celular<\/a> <a href=\"https:\/\/wiy.com.br\/noticias\/categoria\/tecnologia\/\">#celulares<\/a> <a href=\"https:\/\/wiy.com.br\/noticias\/categoria\/tecnologia\/\">#inovar<\/a> <a href=\"https:\/\/wiy.com.br\/noticias\/categoria\/tecnologia\/\">#qualidade<\/a> <a href=\"https:\/\/wiy.com.br\/noticias\/categoria\/tecnologia\/\">#software<\/a> <a href=\"https:\/\/wiy.com.br\/noticias\/categoria\/tecnologia\/\">#empresas<\/a> <a href=\"https:\/\/wiy.com.br\/noticias\/categoria\/tecnologia\/\">#cursos<\/a> <a href=\"https:\/\/wiy.com.br\/noticias\/categoria\/tecnologia\/\">#engenharia<\/a> <a href=\"https:\/\/wiy.com.br\/noticias\/categoria\/tecnologia\/\">#industria<\/a> <a href=\"https:\/\/wiy.com.br\/noticias\/categoria\/tecnologia\/\">#marketing<\/a> <a href=\"https:\/\/wiy.com.br\/noticias\/categoria\/tecnologia\/\">#ti<\/a> <a href=\"https:\/\/wiy.com.br\/noticias\/categoria\/tecnologia\/\">#tecnoblog<\/a> <a href=\"https:\/\/wiy.com.br\/noticias\/categoria\/tecnologia\/\">#veja<\/a> <a href=\"https:\/\/wiy.com.br\/noticias\/categoria\/tecnologia\/\">#olhardigital<\/a> <a href=\"https:\/\/wiy.com.br\/noticias\/categoria\/tecnologia\/\">#mundodigital<\/a> <a href=\"https:\/\/wiy.com.br\/noticias\/categoria\/tecnologia\/\">#inteligenciaartificial<\/a> <a href=\"https:\/\/wiy.com.br\/criacao-de-sites\/\">#criar site<\/a> <a href=\"https:\/\/wiy.com.br\/criacao-de-sites\/\">#criar site curitiba<\/a> <a href=\"https:\/\/wiy.com.br\/criacao-de-sites\/\">#wiysolutions<\/a><\/p>\n<p><a \n#carro #bicicleta #el\u00e9trica #fam\u00edlias #descobrem #novas #formas #mover\n<\/p>\n","protected":false},"excerpt":{"rendered":"<p>Voc\u00ea trocaria viagens curtas de carro, como levar os filhos \u00e0 escola, por uma bicicleta el\u00e9trica de carga? Pesquisa publicada na revista Geoforum mostra que essas e-bikes est\u00e3o ganhando espa\u00e7o como uma alternativa real para trajetos curtos. Al\u00e9m de reduzir emiss\u00f5es e congestionamentos, essas bicicletas el\u00e9tricas podem transformar o transporte familiar e incentivar uma mudan\u00e7a [&hellip;]<\/p>\n","protected":false},"author":1,"featured_media":100111,"comment_status":"open","ping_status":"open","sticky":false,"template":"","format":"standard","meta":{"footnotes":""},"categories":[5],"tags":[],"class_list":["post-100110","post","type-post","status-publish","format-standard","has-post-thumbnail","hentry","category-tecnologia"],"_links":{"self":[{"href":"https:\/\/wiy.com.br\/noticias\/wp-json\/wp\/v2\/posts\/100110","targetHints":{"allow":["GET"]}}],"collection":[{"href":"https:\/\/wiy.com.br\/noticias\/wp-json\/wp\/v2\/posts"}],"about":[{"href":"https:\/\/wiy.com.br\/noticias\/wp-json\/wp\/v2\/types\/post"}],"author":[{"embeddable":true,"href":"https:\/\/wiy.com.br\/noticias\/wp-json\/wp\/v2\/users\/1"}],"replies":[{"embeddable":true,"href":"https:\/\/wiy.com.br\/noticias\/wp-json\/wp\/v2\/comments?post=100110"}],"version-history":[{"count":1,"href":"https:\/\/wiy.com.br\/noticias\/wp-json\/wp\/v2\/posts\/100110\/revisions"}],"predecessor-version":[{"id":100112,"href":"https:\/\/wiy.com.br\/noticias\/wp-json\/wp\/v2\/posts\/100110\/revisions\/100112"}],"wp:featuredmedia":[{"embeddable":true,"href":"https:\/\/wiy.com.br\/noticias\/wp-json\/wp\/v2\/media\/100111"}],"wp:attachment":[{"href":"https:\/\/wiy.com.br\/noticias\/wp-json\/wp\/v2\/media?parent=100110"}],"wp:term":[{"taxonomy":"category","embeddable":true,"href":"https:\/\/wiy.com.br\/noticias\/wp-json\/wp\/v2\/categories?post=100110"},{"taxonomy":"post_tag","embeddable":true,"href":"https:\/\/wiy.com.br\/noticias\/wp-json\/wp\/v2\/tags?post=100110"}],"curies":[{"name":"wp","href":"https:\/\/api.w.org\/{rel}","templated":true}]}}